{"id":49529,"date":"2026-04-27T22:29:22","date_gmt":"2026-04-27T22:29:22","guid":{"rendered":"https:\/\/funtana.com\/?p=49529"},"modified":"2026-04-27T22:29:25","modified_gmt":"2026-04-27T22:29:25","slug":"eco-radna-akcija-eko-green-zajno-za-moju-funtanu","status":"publish","type":"post","link":"https:\/\/funtana.com\/hr\/eco-radna-akcija-eko-green-zajno-za-moju-funtanu\/","title":{"rendered":"ECO radna akcija \u201cEKO gre(e)n zajno, za moju Funtanu!\u201d"},"content":{"rendered":"\n<p>Dragi mje\u0161tani, vrijeme je da zasu\u010demo rukave!<\/p>\n\n\n\n<p>Pozivamo vas na ECO radnu akciju ure\u0111enja mjesta koju organiziraju Turisti\u010dka zajednica op\u0107ine Funtana i Op\u0107ina Funtana-Fontane u suradnji s lokalnim udrugama i komunalnim poduze\u0107em Puntica d.o.o..<\/p>\n\n\n\n<p>Nakon vi\u0161e od 20 godina ponovno poka\u017eimo zajedni\u0161tvo za na\u0161u Funtanu, mjesto gdje \u017eivimo i podi\u017eemo na\u0161e obitelji.<\/p>\n\n\n\n<p>Nedavno su \u010dlanovi Udruge za djecu i mlade \u201cNa izvorima prijateljstva\u201d Funtana oslikali Perilo, a sada \u0107emo urediti i njegov okoli\u0161 i pla\u017eu Frna\u017eina. Neka izvor po kojem je na\u0161e mjesto dobilo ime ponovno zasja!<\/p>\n\n\n\n<p>\u200bSUBOTA, 2.5.2026.<br>08:00 h \u2013 okupljanje kod bo\u0107ali\u0161ta<br>12:00 h \u2013 zaslu\u017eeni ru\u010dak ZA SVE (janji\u0107i, prasi\u0107i, ro\u0161tilj i pi\u0107e)<\/p>\n\n\n\n<p>\u200b\u0160to radimo?<br>\u00a0Ure\u0111enje prostora oko Perila (oslikanog izvora)<br>\u010ci\u0161\u0107enje i ure\u0111enje pla\u017ee Frna\u017eina (ispod kafi\u0107a od Tereze)<\/p>\n\n\n\n<p>\u200bVa\u017ene informacije:<br>Oprema: Ponesite rukavice i alat tko ima (\u0161kare, grablje i sl.). Za djecu su rukavice osigurane (obucite im staru odje\u0107u).<br>\u200bAko radovi na novoj podlozi nogometnog igrali\u0161ta budu privedeni kraju, sve\u010dano \u0107e ga otvoriti premijernim nastupom dje\u010dja plesna skupina Udruge za djecu i mlade \u201cNa izvorima prijateljstva\u201d Funtana!<\/p>\n\n\n\n<figure class=\"wp-block-image size-large\"><img loading=\"lazy\" decoding=\"async\" width=\"724\" height=\"1024\" src=\"https:\/\/funtana.com\/wp-content\/uploads\/2026\/04\/679373262_1622928919835726_5382928007582085127_n-724x1024.jpg\" alt=\"\" class=\"wp-image-49535\" srcset=\"https:\/\/funtana.com\/wp-content\/uploads\/2026\/04\/679373262_1622928919835726_5382928007582085127_n-724x1024.jpg 724w, https:\/\/funtana.com\/wp-content\/uploads\/2026\/04\/679373262_1622928919835726_5382928007582085127_n-212x300.jpg 212w, https:\/\/funtana.com\/wp-content\/uploads\/2026\/04\/679373262_1622928919835726_5382928007582085127_n-768x1086.jpg 768w, https:\/\/funtana.com\/wp-content\/uploads\/2026\/04\/679373262_1622928919835726_5382928007582085127_n-50x71.jpg 50w, https:\/\/funtana.com\/wp-content\/uploads\/2026\/04\/679373262_1622928919835726_5382928007582085127_n.jpg 1018w\" sizes=\"auto, (max-width: 724px) 100vw, 724px\" \/><\/figure>\n\n\n\n<p>\u200bVidimo se u \u0161to ve\u0107em broju! Hvala svima na suradnji i zajedni\u0161tvu!<\/p>\n","protected":false},"excerpt":{"rendered":"<p>Dragi mje\u0161tani, vrijeme je da zasu\u010demo rukave! Pozivamo vas na ECO radnu akciju ure\u0111enja mjesta koju organiziraju Turisti\u010dka zajednica op\u0107ine Funtana i Op\u0107ina Funtana-Fontane u suradnji s lokalnim udrugama i [&hellip;]<\/p>\n","protected":false},"author":1,"featured_media":49530,"comment_status":"closed","ping_status":"closed","sticky":false,"template":"","format":"standard","meta":{"loftloader_page_shortcode":"","_citadela_custom_class":"","footnotes":""},"categories":[223],"tags":[],"citadela-post-location":[],"class_list":["post-49529","post","type-post","status-publish","format-standard","has-post-thumbnail","hentry","category-naslovna"],"yoast_head":"<!-- This site is optimized with the Yoast SEO plugin v27.5 - https:\/\/yoast.com\/product\/yoast-seo-wordpress\/ -->\n<title>ECO radna akcija \u201cEKO gre(e)n zajno, za moju Funtanu!\u201d - Funtana turisti\u010dka zajednica<\/title>\n<meta name=\"robots\" content=\"index, follow, max-snippet:-1, max-image-preview:large, max-video-preview:-1\" \/>\n<link rel=\"canonical\" href=\"https:\/\/funtana.com\/hr\/eco-radna-akcija-eko-green-zajno-za-moju-funtanu\/\" \/>\n<meta property=\"og:locale\" content=\"hr_HR\" \/>\n<meta property=\"og:type\" content=\"article\" \/>\n<meta property=\"og:title\" content=\"ECO radna akcija \u201cEKO gre(e)n zajno, za moju Funtanu!\u201d - Funtana turisti\u010dka zajednica\" \/>\n<meta property=\"og:description\" content=\"Dragi mje\u0161tani, vrijeme je da zasu\u010demo rukave! Pozivamo vas na ECO radnu akciju ure\u0111enja mjesta koju organiziraju Turisti\u010dka zajednica op\u0107ine Funtana i Op\u0107ina Funtana-Fontane u suradnji s lokalnim udrugama i [&hellip;]\" \/>\n<meta property=\"og:url\" content=\"https:\/\/funtana.com\/hr\/eco-radna-akcija-eko-green-zajno-za-moju-funtanu\/\" \/>\n<meta property=\"article:publisher\" content=\"https:\/\/www.facebook.com\/funtanaistria\" \/>\n<meta property=\"article:published_time\" content=\"2026-04-27T22:29:22+00:00\" \/>\n<meta property=\"article:modified_time\" content=\"2026-04-27T22:29:25+00:00\" \/>\n<meta property=\"og:image\" content=\"https:\/\/funtana.com\/wp-content\/uploads\/2026\/04\/ECO-radna-akcija-EKO-green-zajno-za-moju-Funtanu.jpg\" \/>\n\t<meta property=\"og:image:width\" content=\"1199\" \/>\n\t<meta property=\"og:image:height\" content=\"440\" \/>\n\t<meta property=\"og:image:type\" content=\"image\/jpeg\" \/>\n<meta name=\"author\" content=\"TZ FUNTANA\" \/>\n<meta name=\"twitter:card\" content=\"summary_large_image\" \/>\n<meta name=\"twitter:label1\" content=\"Napisao\/la\" \/>\n\t<meta name=\"twitter:data1\" content=\"TZ FUNTANA\" \/>\n\t<meta name=\"twitter:label2\" content=\"Procijenjeno vrijeme \u010ditanja\" \/>\n\t<meta name=\"twitter:data2\" content=\"2 minute\" \/>\n<script type=\"application\/ld+json\" class=\"yoast-schema-graph\">{\"@context\":\"https:\\\/\\\/schema.org\",\"@graph\":[{\"@type\":\"Article\",\"@id\":\"https:\\\/\\\/funtana.com\\\/hr\\\/eco-radna-akcija-eko-green-zajno-za-moju-funtanu\\\/#article\",\"isPartOf\":{\"@id\":\"https:\\\/\\\/funtana.com\\\/hr\\\/eco-radna-akcija-eko-green-zajno-za-moju-funtanu\\\/\"},\"author\":{\"name\":\"TZ FUNTANA\",\"@id\":\"https:\\\/\\\/funtana.com\\\/hr\\\/#\\\/schema\\\/person\\\/1bbd04ab511c993ed18f025519615cb5\"},\"headline\":\"ECO radna akcija \u201cEKO gre(e)n zajno, za moju Funtanu!\u201d\",\"datePublished\":\"2026-04-27T22:29:22+00:00\",\"dateModified\":\"2026-04-27T22:29:25+00:00\",\"mainEntityOfPage\":{\"@id\":\"https:\\\/\\\/funtana.com\\\/hr\\\/eco-radna-akcija-eko-green-zajno-za-moju-funtanu\\\/\"},\"wordCount\":230,\"publisher\":{\"@id\":\"https:\\\/\\\/funtana.com\\\/hr\\\/#organization\"},\"image\":{\"@id\":\"https:\\\/\\\/funtana.com\\\/hr\\\/eco-radna-akcija-eko-green-zajno-za-moju-funtanu\\\/#primaryimage\"},\"thumbnailUrl\":\"https:\\\/\\\/funtana.com\\\/wp-content\\\/uploads\\\/2026\\\/04\\\/ECO-radna-akcija-EKO-green-zajno-za-moju-Funtanu.jpg\",\"articleSection\":[\"Naslovna\"],\"inLanguage\":\"hr\"},{\"@type\":\"WebPage\",\"@id\":\"https:\\\/\\\/funtana.com\\\/hr\\\/eco-radna-akcija-eko-green-zajno-za-moju-funtanu\\\/\",\"url\":\"https:\\\/\\\/funtana.com\\\/hr\\\/eco-radna-akcija-eko-green-zajno-za-moju-funtanu\\\/\",\"name\":\"ECO radna akcija \u201cEKO gre(e)n zajno, za moju Funtanu!\u201d - Funtana turisti\u010dka zajednica\",\"isPartOf\":{\"@id\":\"https:\\\/\\\/funtana.com\\\/hr\\\/#website\"},\"primaryImageOfPage\":{\"@id\":\"https:\\\/\\\/funtana.com\\\/hr\\\/eco-radna-akcija-eko-green-zajno-za-moju-funtanu\\\/#primaryimage\"},\"image\":{\"@id\":\"https:\\\/\\\/funtana.com\\\/hr\\\/eco-radna-akcija-eko-green-zajno-za-moju-funtanu\\\/#primaryimage\"},\"thumbnailUrl\":\"https:\\\/\\\/funtana.com\\\/wp-content\\\/uploads\\\/2026\\\/04\\\/ECO-radna-akcija-EKO-green-zajno-za-moju-Funtanu.jpg\",\"datePublished\":\"2026-04-27T22:29:22+00:00\",\"dateModified\":\"2026-04-27T22:29:25+00:00\",\"breadcrumb\":{\"@id\":\"https:\\\/\\\/funtana.com\\\/hr\\\/eco-radna-akcija-eko-green-zajno-za-moju-funtanu\\\/#breadcrumb\"},\"inLanguage\":\"hr\",\"potentialAction\":[{\"@type\":\"ReadAction\",\"target\":[\"https:\\\/\\\/funtana.com\\\/hr\\\/eco-radna-akcija-eko-green-zajno-za-moju-funtanu\\\/\"]}]},{\"@type\":\"ImageObject\",\"inLanguage\":\"hr\",\"@id\":\"https:\\\/\\\/funtana.com\\\/hr\\\/eco-radna-akcija-eko-green-zajno-za-moju-funtanu\\\/#primaryimage\",\"url\":\"https:\\\/\\\/funtana.com\\\/wp-content\\\/uploads\\\/2026\\\/04\\\/ECO-radna-akcija-EKO-green-zajno-za-moju-Funtanu.jpg\",\"contentUrl\":\"https:\\\/\\\/funtana.com\\\/wp-content\\\/uploads\\\/2026\\\/04\\\/ECO-radna-akcija-EKO-green-zajno-za-moju-Funtanu.jpg\",\"width\":1199,\"height\":440},{\"@type\":\"BreadcrumbList\",\"@id\":\"https:\\\/\\\/funtana.com\\\/hr\\\/eco-radna-akcija-eko-green-zajno-za-moju-funtanu\\\/#breadcrumb\",\"itemListElement\":[{\"@type\":\"ListItem\",\"position\":1,\"name\":\"Home\",\"item\":\"https:\\\/\\\/funtana.com\\\/hr\\\/\"},{\"@type\":\"ListItem\",\"position\":2,\"name\":\"ECO radna akcija \u201cEKO gre(e)n zajno, za moju Funtanu!\u201d\"}]},{\"@type\":\"WebSite\",\"@id\":\"https:\\\/\\\/funtana.com\\\/hr\\\/#website\",\"url\":\"https:\\\/\\\/funtana.com\\\/hr\\\/\",\"name\":\"Funtana turisti\u010dka zajednica\",\"description\":\"Turisti\u010dka zajednica Op\u0107ine\",\"publisher\":{\"@id\":\"https:\\\/\\\/funtana.com\\\/hr\\\/#organization\"},\"alternateName\":\"Turisti\u010dka zajednica Op\u0107ine Funtana\",\"potentialAction\":[{\"@type\":\"SearchAction\",\"target\":{\"@type\":\"EntryPoint\",\"urlTemplate\":\"https:\\\/\\\/funtana.com\\\/hr\\\/?s={search_term_string}\"},\"query-input\":{\"@type\":\"PropertyValueSpecification\",\"valueRequired\":true,\"valueName\":\"search_term_string\"}}],\"inLanguage\":\"hr\"},{\"@type\":\"Organization\",\"@id\":\"https:\\\/\\\/funtana.com\\\/hr\\\/#organization\",\"name\":\"Funtana turisti\u010dka zajednica\",\"url\":\"https:\\\/\\\/funtana.com\\\/hr\\\/\",\"logo\":{\"@type\":\"ImageObject\",\"inLanguage\":\"hr\",\"@id\":\"https:\\\/\\\/funtana.com\\\/hr\\\/#\\\/schema\\\/logo\\\/image\\\/\",\"url\":\"https:\\\/\\\/funtana.com\\\/wp-content\\\/uploads\\\/2023\\\/04\\\/cropped-funtanalogo-e1681572065284.png\",\"contentUrl\":\"https:\\\/\\\/funtana.com\\\/wp-content\\\/uploads\\\/2023\\\/04\\\/cropped-funtanalogo-e1681572065284.png\",\"width\":90,\"height\":72,\"caption\":\"Funtana turisti\u010dka zajednica\"},\"image\":{\"@id\":\"https:\\\/\\\/funtana.com\\\/hr\\\/#\\\/schema\\\/logo\\\/image\\\/\"},\"sameAs\":[\"https:\\\/\\\/www.facebook.com\\\/funtanaistria\",\"https:\\\/\\\/www.instagram.com\\\/funtanaistria\\\/\"]},{\"@type\":\"Person\",\"@id\":\"https:\\\/\\\/funtana.com\\\/hr\\\/#\\\/schema\\\/person\\\/1bbd04ab511c993ed18f025519615cb5\",\"name\":\"TZ FUNTANA\",\"image\":{\"@type\":\"ImageObject\",\"inLanguage\":\"hr\",\"@id\":\"https:\\\/\\\/secure.gravatar.com\\\/avatar\\\/9e1738734f782318b6cbdc8d8f34d629428db9f568af3fdf7c0e235e16dfd8ea?s=96&d=mm&r=g\",\"url\":\"https:\\\/\\\/secure.gravatar.com\\\/avatar\\\/9e1738734f782318b6cbdc8d8f34d629428db9f568af3fdf7c0e235e16dfd8ea?s=96&d=mm&r=g\",\"contentUrl\":\"https:\\\/\\\/secure.gravatar.com\\\/avatar\\\/9e1738734f782318b6cbdc8d8f34d629428db9f568af3fdf7c0e235e16dfd8ea?s=96&d=mm&r=g\",\"caption\":\"TZ FUNTANA\"},\"sameAs\":[\"https:\\\/\\\/funtana.com\"],\"url\":\"https:\\\/\\\/funtana.com\\\/hr\\\/author\\\/edi\\\/\"}]}<\/script>\n<!-- \/ Yoast SEO plugin. -->","yoast_head_json":{"title":"ECO radna akcija \u201cEKO gre(e)n zajno, za moju Funtanu!\u201d - Funtana turisti\u010dka zajednica","robots":{"index":"index","follow":"follow","max-snippet":"max-snippet:-1","max-image-preview":"max-image-preview:large","max-video-preview":"max-video-preview:-1"},"canonical":"https:\/\/funtana.com\/hr\/eco-radna-akcija-eko-green-zajno-za-moju-funtanu\/","og_locale":"hr_HR","og_type":"article","og_title":"ECO radna akcija \u201cEKO gre(e)n zajno, za moju Funtanu!\u201d - Funtana turisti\u010dka zajednica","og_description":"Dragi mje\u0161tani, vrijeme je da zasu\u010demo rukave! Pozivamo vas na ECO radnu akciju ure\u0111enja mjesta koju organiziraju Turisti\u010dka zajednica op\u0107ine Funtana i Op\u0107ina Funtana-Fontane u suradnji s lokalnim udrugama i [&hellip;]","og_url":"https:\/\/funtana.com\/hr\/eco-radna-akcija-eko-green-zajno-za-moju-funtanu\/","article_publisher":"https:\/\/www.facebook.com\/funtanaistria","article_published_time":"2026-04-27T22:29:22+00:00","article_modified_time":"2026-04-27T22:29:25+00:00","og_image":[{"width":1199,"height":440,"url":"https:\/\/funtana.com\/wp-content\/uploads\/2026\/04\/ECO-radna-akcija-EKO-green-zajno-za-moju-Funtanu.jpg","type":"image\/jpeg"}],"author":"TZ FUNTANA","twitter_card":"summary_large_image","twitter_misc":{"Napisao\/la":"TZ FUNTANA","Procijenjeno vrijeme \u010ditanja":"2 minute"},"schema":{"@context":"https:\/\/schema.org","@graph":[{"@type":"Article","@id":"https:\/\/funtana.com\/hr\/eco-radna-akcija-eko-green-zajno-za-moju-funtanu\/#article","isPartOf":{"@id":"https:\/\/funtana.com\/hr\/eco-radna-akcija-eko-green-zajno-za-moju-funtanu\/"},"author":{"name":"TZ FUNTANA","@id":"https:\/\/funtana.com\/hr\/#\/schema\/person\/1bbd04ab511c993ed18f025519615cb5"},"headline":"ECO radna akcija \u201cEKO gre(e)n zajno, za moju Funtanu!\u201d","datePublished":"2026-04-27T22:29:22+00:00","dateModified":"2026-04-27T22:29:25+00:00","mainEntityOfPage":{"@id":"https:\/\/funtana.com\/hr\/eco-radna-akcija-eko-green-zajno-za-moju-funtanu\/"},"wordCount":230,"publisher":{"@id":"https:\/\/funtana.com\/hr\/#organization"},"image":{"@id":"https:\/\/funtana.com\/hr\/eco-radna-akcija-eko-green-zajno-za-moju-funtanu\/#primaryimage"},"thumbnailUrl":"https:\/\/funtana.com\/wp-content\/uploads\/2026\/04\/ECO-radna-akcija-EKO-green-zajno-za-moju-Funtanu.jpg","articleSection":["Naslovna"],"inLanguage":"hr"},{"@type":"WebPage","@id":"https:\/\/funtana.com\/hr\/eco-radna-akcija-eko-green-zajno-za-moju-funtanu\/","url":"https:\/\/funtana.com\/hr\/eco-radna-akcija-eko-green-zajno-za-moju-funtanu\/","name":"ECO radna akcija \u201cEKO gre(e)n zajno, za moju Funtanu!\u201d - Funtana turisti\u010dka zajednica","isPartOf":{"@id":"https:\/\/funtana.com\/hr\/#website"},"primaryImageOfPage":{"@id":"https:\/\/funtana.com\/hr\/eco-radna-akcija-eko-green-zajno-za-moju-funtanu\/#primaryimage"},"image":{"@id":"https:\/\/funtana.com\/hr\/eco-radna-akcija-eko-green-zajno-za-moju-funtanu\/#primaryimage"},"thumbnailUrl":"https:\/\/funtana.com\/wp-content\/uploads\/2026\/04\/ECO-radna-akcija-EKO-green-zajno-za-moju-Funtanu.jpg","datePublished":"2026-04-27T22:29:22+00:00","dateModified":"2026-04-27T22:29:25+00:00","breadcrumb":{"@id":"https:\/\/funtana.com\/hr\/eco-radna-akcija-eko-green-zajno-za-moju-funtanu\/#breadcrumb"},"inLanguage":"hr","potentialAction":[{"@type":"ReadAction","target":["https:\/\/funtana.com\/hr\/eco-radna-akcija-eko-green-zajno-za-moju-funtanu\/"]}]},{"@type":"ImageObject","inLanguage":"hr","@id":"https:\/\/funtana.com\/hr\/eco-radna-akcija-eko-green-zajno-za-moju-funtanu\/#primaryimage","url":"https:\/\/funtana.com\/wp-content\/uploads\/2026\/04\/ECO-radna-akcija-EKO-green-zajno-za-moju-Funtanu.jpg","contentUrl":"https:\/\/funtana.com\/wp-content\/uploads\/2026\/04\/ECO-radna-akcija-EKO-green-zajno-za-moju-Funtanu.jpg","width":1199,"height":440},{"@type":"BreadcrumbList","@id":"https:\/\/funtana.com\/hr\/eco-radna-akcija-eko-green-zajno-za-moju-funtanu\/#breadcrumb","itemListElement":[{"@type":"ListItem","position":1,"name":"Home","item":"https:\/\/funtana.com\/hr\/"},{"@type":"ListItem","position":2,"name":"ECO radna akcija \u201cEKO gre(e)n zajno, za moju Funtanu!\u201d"}]},{"@type":"WebSite","@id":"https:\/\/funtana.com\/hr\/#website","url":"https:\/\/funtana.com\/hr\/","name":"Funtana turisti\u010dka zajednica","description":"Turisti\u010dka zajednica Op\u0107ine","publisher":{"@id":"https:\/\/funtana.com\/hr\/#organization"},"alternateName":"Turisti\u010dka zajednica Op\u0107ine Funtana","potentialAction":[{"@type":"SearchAction","target":{"@type":"EntryPoint","urlTemplate":"https:\/\/funtana.com\/hr\/?s={search_term_string}"},"query-input":{"@type":"PropertyValueSpecification","valueRequired":true,"valueName":"search_term_string"}}],"inLanguage":"hr"},{"@type":"Organization","@id":"https:\/\/funtana.com\/hr\/#organization","name":"Funtana turisti\u010dka zajednica","url":"https:\/\/funtana.com\/hr\/","logo":{"@type":"ImageObject","inLanguage":"hr","@id":"https:\/\/funtana.com\/hr\/#\/schema\/logo\/image\/","url":"https:\/\/funtana.com\/wp-content\/uploads\/2023\/04\/cropped-funtanalogo-e1681572065284.png","contentUrl":"https:\/\/funtana.com\/wp-content\/uploads\/2023\/04\/cropped-funtanalogo-e1681572065284.png","width":90,"height":72,"caption":"Funtana turisti\u010dka zajednica"},"image":{"@id":"https:\/\/funtana.com\/hr\/#\/schema\/logo\/image\/"},"sameAs":["https:\/\/www.facebook.com\/funtanaistria","https:\/\/www.instagram.com\/funtanaistria\/"]},{"@type":"Person","@id":"https:\/\/funtana.com\/hr\/#\/schema\/person\/1bbd04ab511c993ed18f025519615cb5","name":"TZ FUNTANA","image":{"@type":"ImageObject","inLanguage":"hr","@id":"https:\/\/secure.gravatar.com\/avatar\/9e1738734f782318b6cbdc8d8f34d629428db9f568af3fdf7c0e235e16dfd8ea?s=96&d=mm&r=g","url":"https:\/\/secure.gravatar.com\/avatar\/9e1738734f782318b6cbdc8d8f34d629428db9f568af3fdf7c0e235e16dfd8ea?s=96&d=mm&r=g","contentUrl":"https:\/\/secure.gravatar.com\/avatar\/9e1738734f782318b6cbdc8d8f34d629428db9f568af3fdf7c0e235e16dfd8ea?s=96&d=mm&r=g","caption":"TZ FUNTANA"},"sameAs":["https:\/\/funtana.com"],"url":"https:\/\/funtana.com\/hr\/author\/edi\/"}]}},"publishpress_future_action":{"enabled":true,"date":"2026-05-03 22:25:59","action":"change-status","newStatus":"draft","terms":[],"taxonomy":"category","extraData":[]},"publishpress_future_workflow_manual_trigger":{"enabledWorkflows":[]},"_links":{"self":[{"href":"https:\/\/funtana.com\/hr\/wp-json\/wp\/v2\/posts\/49529","targetHints":{"allow":["GET"]}}],"collection":[{"href":"https:\/\/funtana.com\/hr\/wp-json\/wp\/v2\/posts"}],"about":[{"href":"https:\/\/funtana.com\/hr\/wp-json\/wp\/v2\/types\/post"}],"author":[{"embeddable":true,"href":"https:\/\/funtana.com\/hr\/wp-json\/wp\/v2\/users\/1"}],"replies":[{"embeddable":true,"href":"https:\/\/funtana.com\/hr\/wp-json\/wp\/v2\/comments?post=49529"}],"version-history":[{"count":1,"href":"https:\/\/funtana.com\/hr\/wp-json\/wp\/v2\/posts\/49529\/revisions"}],"predecessor-version":[{"id":49540,"href":"https:\/\/funtana.com\/hr\/wp-json\/wp\/v2\/posts\/49529\/revisions\/49540"}],"wp:featuredmedia":[{"embeddable":true,"href":"https:\/\/funtana.com\/hr\/wp-json\/wp\/v2\/media\/49530"}],"wp:attachment":[{"href":"https:\/\/funtana.com\/hr\/wp-json\/wp\/v2\/media?parent=49529"}],"wp:term":[{"taxonomy":"category","embeddable":true,"href":"https:\/\/funtana.com\/hr\/wp-json\/wp\/v2\/categories?post=49529"},{"taxonomy":"post_tag","embeddable":true,"href":"https:\/\/funtana.com\/hr\/wp-json\/wp\/v2\/tags?post=49529"},{"taxonomy":"citadela-post-location","embeddable":true,"href":"https:\/\/funtana.com\/hr\/wp-json\/wp\/v2\/citadela-post-location?post=49529"}],"curies":[{"name":"wp","href":"https:\/\/api.w.org\/{rel}","templated":true}]}}